{"id":82878,"date":"2024-06-19T17:54:28","date_gmt":"2024-06-19T21:54:28","guid":{"rendered":"https:\/\/theturtleislandnews.com\/?p=82878"},"modified":"2024-06-19T17:54:28","modified_gmt":"2024-06-19T21:54:28","slug":"reconciliation-and-celebration-syiyaya-days-fast-approaches","status":"publish","type":"post","link":"https:\/\/theturtleislandnews.com\/index.php\/2024\/06\/19\/reconciliation-and-celebration-syiyaya-days-fast-approaches\/","title":{"rendered":"Reconciliation and celebration: sy\u00edyaya Days fast approaches"},"content":{"rendered":"<p>June 21, National Indigenous Peoples Day kicks off sy\u00edyaya Days, 11 days of events celebrating Indigenous culture, histories and ways of knowing. It\u2019s a partnership between the sy\u00edyaya Reconciliation Movement, sh\u00edsh\u00e1lh Nation and the District of Sechelt. This is the third year of the celebration. \u201cWe named it sy\u00edyaya days, which means family days because it\u2019s time to start walking together and planning events that we can all enjoy. It\u2019s in the true spirit of reconciliation,\u201d \u0294akista xaxanak Garry Feschuk, hereditary chief and former elected chief of the sh\u00edsh\u00e1lh Nation, and co-chair of the sy\u00edyaya Reconciliation Movement, explained at the celebration\u2019s inception in 2022. The sy\u00edyaya Days celebrations begin on June 21, with music and a potluck by the Canadian M\u00e9tis Nation, held at the Seaside Centre from 11 a.m&#8230;. <\/p>\n<div class=\"pmpro\">\n<div class=\"pmpro_card pmpro_content_message\">\n<div class=\"pmpro_card_content\">This content is for Yearly Subscription, Yearly Subscription &#8211; Corporate, Print Subscription Only, and Canada Print and Online members only.<br \/><a href=\"http:\/\/theturtleislandnews.com\/wp-login.php?action=register\">Register<\/a><\/div>\n<div class=\"pmpro_card_actions pmpro_font-medium\">Already a member? <a href=\"https:\/\/theturtleislandnews.com\/wp-login.php?redirect_to=https%3A%2F%2Ftheturtleislandnews.com%2Findex.php%2F2024%2F06%2F19%2Freconciliation-and-celebration-syiyaya-days-fast-approaches%2F\">Log in here<\/a><\/div>\n<\/div>\n<\/div>\n","protected":false},"excerpt":{"rendered":"<p>June 21, National Indigenous Peoples Day kicks off sy\u00edyaya Days, 11 days of events celebrating Indigenous culture, histories and ways of knowing. It\u2019s a partnership between the sy\u00edyaya Reconciliation Movement, sh\u00edsh\u00e1lh Nation and the District of Sechelt. This is the third year of the celebration. \u201cWe named it sy\u00edyaya days, which means family days because it\u2019s time to start walking together and planning events that we can all enjoy. It\u2019s in the true spirit of reconciliation,\u201d \u0294akista xaxanak Garry Feschuk, hereditary chief and former elected chief of the sh\u00edsh\u00e1lh Nation, and co-chair of the sy\u00edyaya Reconciliation Movement, explained at the celebration\u2019s inception in 2022. The sy\u00edyaya Days celebrations begin on June 21, with music and a potluck by the Canadian M\u00e9tis Nation, held at the Seaside Centre from 11 a.m.... <\/p>\n<div class=\"pmpro\"><div class=\"pmpro_card pmpro_content_message\"><div class=\"pmpro_card_content\">This content is for Yearly Subscription, Yearly Subscription - Corporate, Print Subscription Only, and Canada Print and Online members only.<br \/><a href=\"http:\/\/theturtleislandnews.com\/wp-login.php?action=register\">Register<\/a><\/div><div class=\"pmpro_card_actions pmpro_font-medium\">Already a member? <a href=\"https:\/\/theturtleislandnews.com\/wp-login.php?redirect_to=https%3A%2F%2Ftheturtleislandnews.com%2Findex.php%2F2024%2F06%2F19%2Freconciliation-and-celebration-syiyaya-days-fast-approaches%2F\">Log in here<\/a><\/div><\/div><\/div>","protected":false},"author":112,"featured_media":82879,"comment_status":"open","ping_status":"open","sticky":false,"template":"","format":"standard","meta":{"pmpro_default_level":"","footnotes":""},"categories":[90,13],"tags":[],"class_list":["post-82878","post","type-post","status-publish","format-standard","has-post-thumbnail","hentry","category-national-indigenous-peoples-day","category-ticker","pmpro-level-required","pmpro-level-3","pmpro-level-2","pmpro-level-5","pmpro-level-6","pmpro-level-7","pmpro-no-access"],"yoast_head":"<!-- This site is optimized with the Yoast SEO plugin v27.5 - https:\/\/yoast.com\/product\/yoast-seo-wordpress\/ -->\n<title>Reconciliation and celebration: sy\u00edyaya Days fast approaches - The Turtle Island News<\/title>\n<meta name=\"robots\" content=\"index, follow, max-snippet:-1, max-image-preview:large, max-video-preview:-1\" \/>\n<link rel=\"canonical\" href=\"https:\/\/theturtleislandnews.com\/index.php\/2024\/06\/19\/reconciliation-and-celebration-syiyaya-days-fast-approaches\/\" \/>\n<meta property=\"og:locale\" content=\"en_US\" \/>\n<meta property=\"og:type\" content=\"article\" \/>\n<meta property=\"og:title\" content=\"Reconciliation and celebration: sy\u00edyaya Days fast approaches - The Turtle Island News\" \/>\n<meta property=\"og:description\" content=\"June 21, National Indigenous Peoples Day kicks off sy\u00edyaya Days, 11 days of events celebrating Indigenous culture, histories and ways of knowing. It\u2019s a partnership between the sy\u00edyaya Reconciliation Movement, sh\u00edsh\u00e1lh Nation and the District of Sechelt. This is the third year of the celebration. \u201cWe named it sy\u00edyaya days, which means family days because it\u2019s time to start walking together and planning events that we can all enjoy. It\u2019s in the true spirit of reconciliation,\u201d \u0294akista xaxanak Garry Feschuk, hereditary chief and former elected chief of the sh\u00edsh\u00e1lh Nation, and co-chair of the sy\u00edyaya Reconciliation Movement, explained at the celebration\u2019s inception in 2022. The sy\u00edyaya Days celebrations begin on June 21, with music and a potluck by the Canadian M\u00e9tis Nation, held at the Seaside Centre from 11 a.m.\" \/>\n<meta property=\"og:url\" content=\"https:\/\/theturtleislandnews.com\/index.php\/2024\/06\/19\/reconciliation-and-celebration-syiyaya-days-fast-approaches\/\" \/>\n<meta property=\"og:site_name\" content=\"The Turtle Island News\" \/>\n<meta property=\"article:publisher\" content=\"https:\/\/www.facebook.com\/TurtleIslandNews\/\" \/>\n<meta property=\"article:published_time\" content=\"2024-06-19T21:54:28+00:00\" \/>\n<meta property=\"og:image\" content=\"https:\/\/theturtleislandnews.com\/wp-content\/uploads\/2024\/06\/Singing_Drumming.jpg\" \/>\n\t<meta property=\"og:image:width\" content=\"1020\" \/>\n\t<meta property=\"og:image:height\" content=\"630\" \/>\n\t<meta property=\"og:image:type\" content=\"image\/jpeg\" \/>\n<meta name=\"author\" content=\"Sandy\" \/>\n<meta name=\"twitter:card\" content=\"summary_large_image\" \/>\n<meta name=\"twitter:creator\" content=\"@newsattheturtle\" \/>\n<meta name=\"twitter:site\" content=\"@newsattheturtle\" \/>\n<meta name=\"twitter:label1\" content=\"Written by\" \/>\n\t<meta name=\"twitter:data1\" content=\"Sandy\" \/>\n\t<meta name=\"twitter:label2\" content=\"Est. reading time\" \/>\n\t<meta name=\"twitter:data2\" content=\"5 minutes\" \/>\n<script type=\"application\/ld+json\" class=\"yoast-schema-graph\">{\"@context\":\"https:\\\/\\\/schema.org\",\"@graph\":[{\"@type\":\"Article\",\"@id\":\"https:\\\/\\\/theturtleislandnews.com\\\/index.php\\\/2024\\\/06\\\/19\\\/reconciliation-and-celebration-syiyaya-days-fast-approaches\\\/#article\",\"isPartOf\":{\"@id\":\"https:\\\/\\\/theturtleislandnews.com\\\/index.php\\\/2024\\\/06\\\/19\\\/reconciliation-and-celebration-syiyaya-days-fast-approaches\\\/\"},\"author\":{\"name\":\"Sandy\",\"@id\":\"https:\\\/\\\/theturtleislandnews.com\\\/#\\\/schema\\\/person\\\/12f8efd2d424c9cd820883abe58a7d4b\"},\"headline\":\"Reconciliation and celebration: sy\u00edyaya Days fast approaches\",\"datePublished\":\"2024-06-19T21:54:28+00:00\",\"mainEntityOfPage\":{\"@id\":\"https:\\\/\\\/theturtleislandnews.com\\\/index.php\\\/2024\\\/06\\\/19\\\/reconciliation-and-celebration-syiyaya-days-fast-approaches\\\/\"},\"wordCount\":974,\"commentCount\":0,\"publisher\":{\"@id\":\"https:\\\/\\\/theturtleislandnews.com\\\/#organization\"},\"image\":{\"@id\":\"https:\\\/\\\/theturtleislandnews.com\\\/index.php\\\/2024\\\/06\\\/19\\\/reconciliation-and-celebration-syiyaya-days-fast-approaches\\\/#primaryimage\"},\"thumbnailUrl\":\"https:\\\/\\\/theturtleislandnews.com\\\/wp-content\\\/uploads\\\/2024\\\/06\\\/Singing_Drumming.jpg\",\"articleSection\":[\"Nat. Indigenous Peoples Day\",\"ticker\"],\"inLanguage\":\"en-CA\",\"potentialAction\":[{\"@type\":\"CommentAction\",\"name\":\"Comment\",\"target\":[\"https:\\\/\\\/theturtleislandnews.com\\\/index.php\\\/2024\\\/06\\\/19\\\/reconciliation-and-celebration-syiyaya-days-fast-approaches\\\/#respond\"]}]},{\"@type\":\"WebPage\",\"@id\":\"https:\\\/\\\/theturtleislandnews.com\\\/index.php\\\/2024\\\/06\\\/19\\\/reconciliation-and-celebration-syiyaya-days-fast-approaches\\\/\",\"url\":\"https:\\\/\\\/theturtleislandnews.com\\\/index.php\\\/2024\\\/06\\\/19\\\/reconciliation-and-celebration-syiyaya-days-fast-approaches\\\/\",\"name\":\"Reconciliation and celebration: sy\u00edyaya Days fast approaches - The Turtle Island News\",\"isPartOf\":{\"@id\":\"https:\\\/\\\/theturtleislandnews.com\\\/#website\"},\"primaryImageOfPage\":{\"@id\":\"https:\\\/\\\/theturtleislandnews.com\\\/index.php\\\/2024\\\/06\\\/19\\\/reconciliation-and-celebration-syiyaya-days-fast-approaches\\\/#primaryimage\"},\"image\":{\"@id\":\"https:\\\/\\\/theturtleislandnews.com\\\/index.php\\\/2024\\\/06\\\/19\\\/reconciliation-and-celebration-syiyaya-days-fast-approaches\\\/#primaryimage\"},\"thumbnailUrl\":\"https:\\\/\\\/theturtleislandnews.com\\\/wp-content\\\/uploads\\\/2024\\\/06\\\/Singing_Drumming.jpg\",\"datePublished\":\"2024-06-19T21:54:28+00:00\",\"breadcrumb\":{\"@id\":\"https:\\\/\\\/theturtleislandnews.com\\\/index.php\\\/2024\\\/06\\\/19\\\/reconciliation-and-celebration-syiyaya-days-fast-approaches\\\/#breadcrumb\"},\"inLanguage\":\"en-CA\",\"potentialAction\":[{\"@type\":\"ReadAction\",\"target\":[\"https:\\\/\\\/theturtleislandnews.com\\\/index.php\\\/2024\\\/06\\\/19\\\/reconciliation-and-celebration-syiyaya-days-fast-approaches\\\/\"]}]},{\"@type\":\"ImageObject\",\"inLanguage\":\"en-CA\",\"@id\":\"https:\\\/\\\/theturtleislandnews.com\\\/index.php\\\/2024\\\/06\\\/19\\\/reconciliation-and-celebration-syiyaya-days-fast-approaches\\\/#primaryimage\",\"url\":\"https:\\\/\\\/theturtleislandnews.com\\\/wp-content\\\/uploads\\\/2024\\\/06\\\/Singing_Drumming.jpg\",\"contentUrl\":\"https:\\\/\\\/theturtleislandnews.com\\\/wp-content\\\/uploads\\\/2024\\\/06\\\/Singing_Drumming.jpg\",\"width\":1020,\"height\":630,\"caption\":\"Drumming and singing - part of sy\u00edyaya Days, 11 days of events celebrating Indigenous culture, histories and ways of knowing. (Photo Yahoo News)\"},{\"@type\":\"BreadcrumbList\",\"@id\":\"https:\\\/\\\/theturtleislandnews.com\\\/index.php\\\/2024\\\/06\\\/19\\\/reconciliation-and-celebration-syiyaya-days-fast-approaches\\\/#breadcrumb\",\"itemListElement\":[{\"@type\":\"ListItem\",\"position\":1,\"name\":\"Home\",\"item\":\"https:\\\/\\\/theturtleislandnews.com\\\/\"},{\"@type\":\"ListItem\",\"position\":2,\"name\":\"Reconciliation and celebration: sy\u00edyaya Days fast approaches\"}]},{\"@type\":\"WebSite\",\"@id\":\"https:\\\/\\\/theturtleislandnews.com\\\/#website\",\"url\":\"https:\\\/\\\/theturtleislandnews.com\\\/\",\"name\":\"The Turtle Island News\",\"description\":\"Your Source for Local News\",\"publisher\":{\"@id\":\"https:\\\/\\\/theturtleislandnews.com\\\/#organization\"},\"potentialAction\":[{\"@type\":\"SearchAction\",\"target\":{\"@type\":\"EntryPoint\",\"urlTemplate\":\"https:\\\/\\\/theturtleislandnews.com\\\/?s={search_term_string}\"},\"query-input\":{\"@type\":\"PropertyValueSpecification\",\"valueRequired\":true,\"valueName\":\"search_term_string\"}}],\"inLanguage\":\"en-CA\"},{\"@type\":\"Organization\",\"@id\":\"https:\\\/\\\/theturtleislandnews.com\\\/#organization\",\"name\":\"Turtle Island News\",\"url\":\"https:\\\/\\\/theturtleislandnews.com\\\/\",\"logo\":{\"@type\":\"ImageObject\",\"inLanguage\":\"en-CA\",\"@id\":\"https:\\\/\\\/theturtleislandnews.com\\\/#\\\/schema\\\/logo\\\/image\\\/\",\"url\":\"https:\\\/\\\/theturtleislandnews.com\\\/wp-content\\\/uploads\\\/2016\\\/08\\\/turtle150.jpg\",\"contentUrl\":\"https:\\\/\\\/theturtleislandnews.com\\\/wp-content\\\/uploads\\\/2016\\\/08\\\/turtle150.jpg\",\"width\":140,\"height\":150,\"caption\":\"Turtle Island News\"},\"image\":{\"@id\":\"https:\\\/\\\/theturtleislandnews.com\\\/#\\\/schema\\\/logo\\\/image\\\/\"},\"sameAs\":[\"https:\\\/\\\/www.facebook.com\\\/TurtleIslandNews\\\/\",\"https:\\\/\\\/x.com\\\/newsattheturtle\",\"https:\\\/\\\/www.youtube.com\\\/channel\\\/UCOqB-hG3L6hRLsmqY0e5k0g\"]},{\"@type\":\"Person\",\"@id\":\"https:\\\/\\\/theturtleislandnews.com\\\/#\\\/schema\\\/person\\\/12f8efd2d424c9cd820883abe58a7d4b\",\"name\":\"Sandy\",\"image\":{\"@type\":\"ImageObject\",\"inLanguage\":\"en-CA\",\"@id\":\"https:\\\/\\\/secure.gravatar.com\\\/avatar\\\/6e4c0a8df37fbe0583e334d8b74c87c99f14ab1104d94e53dc20264e5cac775e?s=96&d=mm&r=g\",\"url\":\"https:\\\/\\\/secure.gravatar.com\\\/avatar\\\/6e4c0a8df37fbe0583e334d8b74c87c99f14ab1104d94e53dc20264e5cac775e?s=96&d=mm&r=g\",\"contentUrl\":\"https:\\\/\\\/secure.gravatar.com\\\/avatar\\\/6e4c0a8df37fbe0583e334d8b74c87c99f14ab1104d94e53dc20264e5cac775e?s=96&d=mm&r=g\",\"caption\":\"Sandy\"},\"url\":\"https:\\\/\\\/theturtleislandnews.com\\\/index.php\\\/author\\\/sandy\\\/\"}]}<\/script>\n<!-- \/ Yoast SEO plugin. -->","yoast_head_json":{"title":"Reconciliation and celebration: sy\u00edyaya Days fast approaches - The Turtle Island News","robots":{"index":"index","follow":"follow","max-snippet":"max-snippet:-1","max-image-preview":"max-image-preview:large","max-video-preview":"max-video-preview:-1"},"canonical":"https:\/\/theturtleislandnews.com\/index.php\/2024\/06\/19\/reconciliation-and-celebration-syiyaya-days-fast-approaches\/","og_locale":"en_US","og_type":"article","og_title":"Reconciliation and celebration: sy\u00edyaya Days fast approaches - The Turtle Island News","og_description":"June 21, National Indigenous Peoples Day kicks off sy\u00edyaya Days, 11 days of events celebrating Indigenous culture, histories and ways of knowing. It\u2019s a partnership between the sy\u00edyaya Reconciliation Movement, sh\u00edsh\u00e1lh Nation and the District of Sechelt. This is the third year of the celebration. \u201cWe named it sy\u00edyaya days, which means family days because it\u2019s time to start walking together and planning events that we can all enjoy. It\u2019s in the true spirit of reconciliation,\u201d \u0294akista xaxanak Garry Feschuk, hereditary chief and former elected chief of the sh\u00edsh\u00e1lh Nation, and co-chair of the sy\u00edyaya Reconciliation Movement, explained at the celebration\u2019s inception in 2022. The sy\u00edyaya Days celebrations begin on June 21, with music and a potluck by the Canadian M\u00e9tis Nation, held at the Seaside Centre from 11 a.m.","og_url":"https:\/\/theturtleislandnews.com\/index.php\/2024\/06\/19\/reconciliation-and-celebration-syiyaya-days-fast-approaches\/","og_site_name":"The Turtle Island News","article_publisher":"https:\/\/www.facebook.com\/TurtleIslandNews\/","article_published_time":"2024-06-19T21:54:28+00:00","og_image":[{"width":1020,"height":630,"url":"https:\/\/theturtleislandnews.com\/wp-content\/uploads\/2024\/06\/Singing_Drumming.jpg","type":"image\/jpeg"}],"author":"Sandy","twitter_card":"summary_large_image","twitter_creator":"@newsattheturtle","twitter_site":"@newsattheturtle","twitter_misc":{"Written by":"Sandy","Est. reading time":"5 minutes"},"schema":{"@context":"https:\/\/schema.org","@graph":[{"@type":"Article","@id":"https:\/\/theturtleislandnews.com\/index.php\/2024\/06\/19\/reconciliation-and-celebration-syiyaya-days-fast-approaches\/#article","isPartOf":{"@id":"https:\/\/theturtleislandnews.com\/index.php\/2024\/06\/19\/reconciliation-and-celebration-syiyaya-days-fast-approaches\/"},"author":{"name":"Sandy","@id":"https:\/\/theturtleislandnews.com\/#\/schema\/person\/12f8efd2d424c9cd820883abe58a7d4b"},"headline":"Reconciliation and celebration: sy\u00edyaya Days fast approaches","datePublished":"2024-06-19T21:54:28+00:00","mainEntityOfPage":{"@id":"https:\/\/theturtleislandnews.com\/index.php\/2024\/06\/19\/reconciliation-and-celebration-syiyaya-days-fast-approaches\/"},"wordCount":974,"commentCount":0,"publisher":{"@id":"https:\/\/theturtleislandnews.com\/#organization"},"image":{"@id":"https:\/\/theturtleislandnews.com\/index.php\/2024\/06\/19\/reconciliation-and-celebration-syiyaya-days-fast-approaches\/#primaryimage"},"thumbnailUrl":"https:\/\/theturtleislandnews.com\/wp-content\/uploads\/2024\/06\/Singing_Drumming.jpg","articleSection":["Nat. Indigenous Peoples Day","ticker"],"inLanguage":"en-CA","potentialAction":[{"@type":"CommentAction","name":"Comment","target":["https:\/\/theturtleislandnews.com\/index.php\/2024\/06\/19\/reconciliation-and-celebration-syiyaya-days-fast-approaches\/#respond"]}]},{"@type":"WebPage","@id":"https:\/\/theturtleislandnews.com\/index.php\/2024\/06\/19\/reconciliation-and-celebration-syiyaya-days-fast-approaches\/","url":"https:\/\/theturtleislandnews.com\/index.php\/2024\/06\/19\/reconciliation-and-celebration-syiyaya-days-fast-approaches\/","name":"Reconciliation and celebration: sy\u00edyaya Days fast approaches - The Turtle Island News","isPartOf":{"@id":"https:\/\/theturtleislandnews.com\/#website"},"primaryImageOfPage":{"@id":"https:\/\/theturtleislandnews.com\/index.php\/2024\/06\/19\/reconciliation-and-celebration-syiyaya-days-fast-approaches\/#primaryimage"},"image":{"@id":"https:\/\/theturtleislandnews.com\/index.php\/2024\/06\/19\/reconciliation-and-celebration-syiyaya-days-fast-approaches\/#primaryimage"},"thumbnailUrl":"https:\/\/theturtleislandnews.com\/wp-content\/uploads\/2024\/06\/Singing_Drumming.jpg","datePublished":"2024-06-19T21:54:28+00:00","breadcrumb":{"@id":"https:\/\/theturtleislandnews.com\/index.php\/2024\/06\/19\/reconciliation-and-celebration-syiyaya-days-fast-approaches\/#breadcrumb"},"inLanguage":"en-CA","potentialAction":[{"@type":"ReadAction","target":["https:\/\/theturtleislandnews.com\/index.php\/2024\/06\/19\/reconciliation-and-celebration-syiyaya-days-fast-approaches\/"]}]},{"@type":"ImageObject","inLanguage":"en-CA","@id":"https:\/\/theturtleislandnews.com\/index.php\/2024\/06\/19\/reconciliation-and-celebration-syiyaya-days-fast-approaches\/#primaryimage","url":"https:\/\/theturtleislandnews.com\/wp-content\/uploads\/2024\/06\/Singing_Drumming.jpg","contentUrl":"https:\/\/theturtleislandnews.com\/wp-content\/uploads\/2024\/06\/Singing_Drumming.jpg","width":1020,"height":630,"caption":"Drumming and singing - part of sy\u00edyaya Days, 11 days of events celebrating Indigenous culture, histories and ways of knowing. (Photo Yahoo News)"},{"@type":"BreadcrumbList","@id":"https:\/\/theturtleislandnews.com\/index.php\/2024\/06\/19\/reconciliation-and-celebration-syiyaya-days-fast-approaches\/#breadcrumb","itemListElement":[{"@type":"ListItem","position":1,"name":"Home","item":"https:\/\/theturtleislandnews.com\/"},{"@type":"ListItem","position":2,"name":"Reconciliation and celebration: sy\u00edyaya Days fast approaches"}]},{"@type":"WebSite","@id":"https:\/\/theturtleislandnews.com\/#website","url":"https:\/\/theturtleislandnews.com\/","name":"The Turtle Island News","description":"Your Source for Local News","publisher":{"@id":"https:\/\/theturtleislandnews.com\/#organization"},"potentialAction":[{"@type":"SearchAction","target":{"@type":"EntryPoint","urlTemplate":"https:\/\/theturtleislandnews.com\/?s={search_term_string}"},"query-input":{"@type":"PropertyValueSpecification","valueRequired":true,"valueName":"search_term_string"}}],"inLanguage":"en-CA"},{"@type":"Organization","@id":"https:\/\/theturtleislandnews.com\/#organization","name":"Turtle Island News","url":"https:\/\/theturtleislandnews.com\/","logo":{"@type":"ImageObject","inLanguage":"en-CA","@id":"https:\/\/theturtleislandnews.com\/#\/schema\/logo\/image\/","url":"https:\/\/theturtleislandnews.com\/wp-content\/uploads\/2016\/08\/turtle150.jpg","contentUrl":"https:\/\/theturtleislandnews.com\/wp-content\/uploads\/2016\/08\/turtle150.jpg","width":140,"height":150,"caption":"Turtle Island News"},"image":{"@id":"https:\/\/theturtleislandnews.com\/#\/schema\/logo\/image\/"},"sameAs":["https:\/\/www.facebook.com\/TurtleIslandNews\/","https:\/\/x.com\/newsattheturtle","https:\/\/www.youtube.com\/channel\/UCOqB-hG3L6hRLsmqY0e5k0g"]},{"@type":"Person","@id":"https:\/\/theturtleislandnews.com\/#\/schema\/person\/12f8efd2d424c9cd820883abe58a7d4b","name":"Sandy","image":{"@type":"ImageObject","inLanguage":"en-CA","@id":"https:\/\/secure.gravatar.com\/avatar\/6e4c0a8df37fbe0583e334d8b74c87c99f14ab1104d94e53dc20264e5cac775e?s=96&d=mm&r=g","url":"https:\/\/secure.gravatar.com\/avatar\/6e4c0a8df37fbe0583e334d8b74c87c99f14ab1104d94e53dc20264e5cac775e?s=96&d=mm&r=g","contentUrl":"https:\/\/secure.gravatar.com\/avatar\/6e4c0a8df37fbe0583e334d8b74c87c99f14ab1104d94e53dc20264e5cac775e?s=96&d=mm&r=g","caption":"Sandy"},"url":"https:\/\/theturtleislandnews.com\/index.php\/author\/sandy\/"}]}},"_links":{"self":[{"href":"https:\/\/theturtleislandnews.com\/index.php\/wp-json\/wp\/v2\/posts\/82878","targetHints":{"allow":["GET"]}}],"collection":[{"href":"https:\/\/theturtleislandnews.com\/index.php\/wp-json\/wp\/v2\/posts"}],"about":[{"href":"https:\/\/theturtleislandnews.com\/index.php\/wp-json\/wp\/v2\/types\/post"}],"author":[{"embeddable":true,"href":"https:\/\/theturtleislandnews.com\/index.php\/wp-json\/wp\/v2\/users\/112"}],"replies":[{"embeddable":true,"href":"https:\/\/theturtleislandnews.com\/index.php\/wp-json\/wp\/v2\/comments?post=82878"}],"version-history":[{"count":1,"href":"https:\/\/theturtleislandnews.com\/index.php\/wp-json\/wp\/v2\/posts\/82878\/revisions"}],"predecessor-version":[{"id":82880,"href":"https:\/\/theturtleislandnews.com\/index.php\/wp-json\/wp\/v2\/posts\/82878\/revisions\/82880"}],"wp:featuredmedia":[{"embeddable":true,"href":"https:\/\/theturtleislandnews.com\/index.php\/wp-json\/wp\/v2\/media\/82879"}],"wp:attachment":[{"href":"https:\/\/theturtleislandnews.com\/index.php\/wp-json\/wp\/v2\/media?parent=82878"}],"wp:term":[{"taxonomy":"category","embeddable":true,"href":"https:\/\/theturtleislandnews.com\/index.php\/wp-json\/wp\/v2\/categories?post=82878"},{"taxonomy":"post_tag","embeddable":true,"href":"https:\/\/theturtleislandnews.com\/index.php\/wp-json\/wp\/v2\/tags?post=82878"}],"curies":[{"name":"wp","href":"https:\/\/api.w.org\/{rel}","templated":true}]}}